[{"@context":"https:\/\/schema.org\/","@type":"Article","@id":"https:\/\/www.sorem.cz\/berte-to-zodpovedne\/#Article","mainEntityOfPage":"https:\/\/www.sorem.cz\/berte-to-zodpovedne\/","headline":"Berte to zodpov\u011bdn\u011b","name":"Berte to zodpov\u011bdn\u011b","description":"U\u017e b\u011bhem podzimu doch\u00e1z\u00ed k pozvoln\u00e9mu n\u00e1stupu r\u016fzn\u00fdch nachlazen\u00ed, kter\u00e1 v zim\u011b voln\u011b p\u0159ech\u00e1z\u00ed do epidemi\u00ed. Nejhor\u0161\u00ed b\u00fdv\u00e1 situace v lednu, kdy u\u017e si spousta","datePublished":"2025-01-20","dateModified":"2025-01-20","author":{"@type":"Person","@id":"https:\/\/www.sorem.cz\/author\/#Person","name":"","url":"https:\/\/www.sorem.cz\/author\/","identifier":1,"image":{"@type":"ImageObject","@id":"https:\/\/secure.gravatar.com\/avatar\/65248d4269af31fa3fa693ee3fd479d0960b985d370ed586e59378332be7a3ce?s=96&d=mm&r=g","url":"https:\/\/secure.gravatar.com\/avatar\/65248d4269af31fa3fa693ee3fd479d0960b985d370ed586e59378332be7a3ce?s=96&d=mm&r=g","height":96,"width":96}},"publisher":{"@type":"Organization","name":"sorem.cz","logo":{"@type":"ImageObject","@id":"\/logo.png","url":"\/logo.png","width":600,"height":60}},"image":{"@type":"ImageObject","@id":"https:\/\/www.sorem.cz\/wp-content\/uploads\/antigen-6939139_640_10_10_9.jpg","url":"https:\/\/www.sorem.cz\/wp-content\/uploads\/antigen-6939139_640_10_10_9.jpg","height":0,"width":0},"url":"https:\/\/www.sorem.cz\/berte-to-zodpovedne\/","about":["Produkty"],"wordCount":410,"articleBody":"   U\u017e b\u011bhem podzimu doch\u00e1z\u00ed k pozvoln\u00e9mu n\u00e1stupu r\u016fzn\u00fdch nachlazen\u00ed, kter\u00e1 v zim\u011b voln\u011b p\u0159ech\u00e1z\u00ed do epidemi\u00ed. Nejhor\u0161\u00ed b\u00fdv\u00e1 situace v lednu, kdy u\u017e si spousta lid\u00ed mysl\u00ed \u017ee to nejhor\u0161\u00ed je za n\u00e1mi, a ona se teprve bl\u00ed\u017e\u00ed ch\u0159ipkov\u00e1 epidemie. Ch\u0159ipka je velk\u00fd probl\u00e9m nejen pro star\u0161\u00ed lidi, ale i pro mlad\u00e9 ro\u010dn\u00edky, proto\u017ee ji nelze l\u00e9\u010dit antibiotiky a daj\u00ed se tlumit jen jednotliv\u00e9 projevy. \u010clov\u011bk ji zkr\u00e1tka mus\u00ed p\u0159e\u017e\u00edt. P\u0159ed p\u00e1r lety jsme tu m\u011bli pandemii covidu, co\u017e je hor\u0161\u00ed obdoba klasick\u00e9 ch\u0159ipky. Zat\u00edmco klasickou ch\u0159ipku si nikdo s ni\u010d\u00edm nesplete, covid je mo\u017en\u00e9 spl\u00e9st si s jinou nemoc\u00ed. Pro n\u011bkoho je covid hrozba, proto\u017ee v minulosti p\u0159ipravil o \u017eivot mnoho lid\u00ed, co\u017e se d\u011bje i dnes. Proto je lep\u0161\u00ed se sna\u017eit, aby se covid b\u011bhem ch\u0159ipkov\u00e9 epidemie \u0161\u00ed\u0159il co nejm\u00e9n\u011b, a je na ka\u017ed\u00e9m, jak se k tomu postav\u00ed. Klasick\u00e1 ch\u0159ipka m\u00e1 v\u017edy stejn\u00e9 p\u0159\u00edznaky \u2013 hore\u010dky, slabost, bolest sval\u016f a kloub\u016f a mal\u00e1tnost, p\u0159\u00edpadn\u011b zvracen\u00ed. U covidu \u017e\u00e1dn\u00fd z t\u011bchto p\u0159\u00edznak\u016f nemocn\u00fd poci\u0165ovat nemus\u00ed, dokonce nemus\u00ed b\u00fdt v\u016fbec nemocn\u00fd, a p\u0159esto je p\u0159ena\u0161e\u010dem t\u00e9to nemoci. Ka\u017ed\u00fd by m\u011bl m\u00edt doma antigenn\u00ed testy, kter\u00fdmi se v p\u0159\u00edpad\u011b podez\u0159en\u00ed na covid otestuje a zjist\u00ed b\u011bhem p\u00e1r minut, zda jsou jeho obavy opr\u00e1vn\u011bn\u00e9. V minulosti byly tyto testy povinn\u00e9 a \u010dlov\u011bk se bez nich nikam nedostal. Dnes u\u017e povinn\u00e9 nejsou, a tak jejich pou\u017e\u00edv\u00e1n\u00ed mnoho lid\u00ed zanedb\u00e1v\u00e1, co\u017e je probl\u00e9m, proto\u017ee kdyby v\u00edce lid\u00ed na testov\u00e1n\u00ed dbalo i dnes, covid by se ur\u010dit\u011b \u0161\u00ed\u0159il m\u00e9n\u011b. Test\u016f nen\u00ed t\u0159eba se b\u00e1t, proto\u017ee jsou zcela bezbolestn\u00e9 a neinvazivn\u00ed. Ka\u017ed\u00e1 nemoc v pr\u016fb\u011bhu \u010dasu mutuje a d\u011bl\u00e1 to i covid. Testy jsou ale vyv\u00edjeny tak aby v\u017edycky dok\u00e1zaly detekovat i nov\u00e9 varianty nemoci. Proto testy um\u00ed rozpoznat i nov\u011bj\u0161\u00ed varianty covidu, kter\u00e9 se objevuj\u00ed ka\u017ed\u00fd rok. B\u011bhem chvilky uvid\u00edte v\u00fdsledek a podle n\u011bj se n\u00e1sledn\u011b m\u016f\u017eete za\u0159\u00eddit. Nepodce\u0148ujte testy ani dnes, je to nejen pro va\u0161e dobro.                                                                                                                                                                                                                                                                                                                                                                                                  "},{"@context":"https:\/\/schema.org\/","@type":"BreadcrumbList","itemListElement":[{"@type":"ListItem","position":1,"name":"Berte to zodpov\u011bdn\u011b","item":"https:\/\/www.sorem.cz\/berte-to-zodpovedne\/#breadcrumbitem"}]}]