[{"@context":"https:\/\/schema.org\/","@type":"Article","@id":"https:\/\/www.sorem.cz\/diky-nasemu-nabytku-budete-mit-vzdy-uklizeno\/#Article","mainEntityOfPage":"https:\/\/www.sorem.cz\/diky-nasemu-nabytku-budete-mit-vzdy-uklizeno\/","headline":"D\u00edky na\u0161emu n\u00e1bytku budete m\u00edt v\u017edy uklizeno","name":"D\u00edky na\u0161emu n\u00e1bytku budete m\u00edt v\u017edy uklizeno","description":"Sna\u017e\u00edte se doma udr\u017eet po\u0159\u00e1dek, ale bohu\u017eel se v\u00e1m to neda\u0159\u00ed? V\u00edme, \u017ee udr\u017eet dom\u00e1cnost v po\u0159\u00e1dku je n\u011bkdy velmi slo\u017eit\u00e9. Zvl\u00e1\u0161t\u011b, kdy\u017e nem\u00e1te n\u00e1bytek,","datePublished":"2020-03-08","dateModified":"2023-05-05","author":{"@type":"Person","@id":"https:\/\/www.sorem.cz\/author\/#Person","name":"","url":"https:\/\/www.sorem.cz\/author\/","identifier":1,"image":{"@type":"ImageObject","@id":"https:\/\/secure.gravatar.com\/avatar\/65248d4269af31fa3fa693ee3fd479d0960b985d370ed586e59378332be7a3ce?s=96&d=mm&r=g","url":"https:\/\/secure.gravatar.com\/avatar\/65248d4269af31fa3fa693ee3fd479d0960b985d370ed586e59378332be7a3ce?s=96&d=mm&r=g","height":96,"width":96}},"publisher":{"@type":"Organization","name":"sorem.cz","logo":{"@type":"ImageObject","@id":"\/logo.png","url":"\/logo.png","width":600,"height":60}},"image":{"@type":"ImageObject","@id":"https:\/\/www.sorem.cz\/wp-content\/uploads\/Sk%C5%99%C3%AD%C5%88%20na%20%C5%A1aty.jpg","url":"https:\/\/www.sorem.cz\/wp-content\/uploads\/Sk%C5%99%C3%AD%C5%88%20na%20%C5%A1aty.jpg","height":0,"width":0},"url":"https:\/\/www.sorem.cz\/diky-nasemu-nabytku-budete-mit-vzdy-uklizeno\/","about":["Produkty"],"wordCount":462,"articleBody":"       Sna\u017e\u00edte se doma udr\u017eet po\u0159\u00e1dek, ale bohu\u017eel se v\u00e1m to neda\u0159\u00ed?V\u00edme, \u017ee udr\u017eet dom\u00e1cnost v po\u0159\u00e1dku je n\u011bkdy velmi slo\u017eit\u00e9. Zvl\u00e1\u0161t\u011b, kdy\u017e nem\u00e1te n\u00e1bytek, kter\u00fd by byl p\u0159\u00edmo na m\u00edru a nem\u00e1te dostatek \u00falo\u017en\u00fdch prostor. Kvalitn\u00ed n\u00e1bytek s dostatkem \u00falo\u017en\u00e9ho prostoru je pro dom\u00e1cnost velmi d\u016fle\u017eit\u00fd. Jenom d\u00edky n\u011bmu si m\u016f\u017eete doma udr\u017eet opravdov\u00fd po\u0159\u00e1dek. My v\u00e1m nab\u00edz\u00edme vestav\u011bn\u00e9 sk\u0159\u00edn\u011b, kter\u00e9 se pro v\u00e1s stanou t\u00edm nejlep\u0161\u00edm \u0159e\u0161en\u00edm. Uvid\u00edte, \u017ee d\u00edky na\u0161im sk\u0159\u00edn\u00edm, z\u00edsk\u00e1te spoustu \u00falo\u017en\u00e9ho prostoru, kam budete moci v\u0161echny sv\u00e9 v\u011bci a oble\u010den\u00ed uskladnit. U\u017e nikdy se v\u00e1m nestane, \u017ee byste m\u011bli doma nepo\u0159\u00e1dek, proto\u017ee v\u017edy budete m\u00edt, kam v\u011bci, uklidit. V\u011b\u0159te n\u00e1m, a ud\u011blejte pro sv\u016fj domov, komfort a po\u0159\u00e1dek, co m\u016f\u017eete. Uvid\u00edte, \u017ee s n\u00e1bytkem od n\u00e1s budete opravdu velmi spokojeni. To v\u00e1m m\u016f\u017eeme zaru\u010dit.M\u00e1me \u0159e\u0161en\u00ed i pro mal\u00e9 bytyMysl\u00edte si, \u017ee m\u00e1te p\u0159\u00edli\u0161 mal\u00fd byte\u010dek na vestav\u011bn\u00e9 sk\u0159\u00edn\u011b?Mnoho lid\u00ed si pod t\u00edmto typem n\u00e1bytku p\u0159edstav\u00ed obrovsk\u00e9 kusy n\u00e1bytku, kter\u00e9 se do mal\u00e9ho byte\u010dku nikdy nevejdou. To se ale opravdu velmi m\u00fdl\u00edte. My v\u00e1m nab\u00edz\u00edme n\u00e1bytek, kter\u00fd p\u0159esn\u011b padne i do mal\u00fdch prostor. Proto nev\u00e1hejte s koup\u00ed. My dok\u00e1\u017eeme ud\u011blat po\u0159\u00e1dek i ve va\u0161em miniaturn\u00edm byte\u010dku, t\u00edm si m\u016f\u017eete b\u00fdt opravdu jist\u00ed. Proto na nic ne\u010dekejte a po\u0159i\u010fte si n\u00e1bytek pr\u00e1v\u011b u n\u00e1s. My v\u00edme, co v\u00e1\u0161 byt pot\u0159ebuje. Ani vy nemus\u00edte m\u00edt ve sv\u00fdm byt\u011b nepo\u0159\u00e1dek, kdy\u017e zakoup\u00edte n\u00e1bytek, kter\u00fd v\u00e1m nab\u00edz\u00edme.Kvalita, za opravdu n\u00edzk\u00e9 cenyOb\u00e1v\u00e1te se, \u017ee jsou vestav\u011bn\u00e9 sk\u0159\u00edn\u011b drah\u00e9?Mo\u017en\u00e1 ano, ale ne ty na\u0161e. My nab\u00edz\u00edme n\u00e1bytek, kter\u00fd je vysoce kvalitn\u00ed, a p\u0159itom za opravdu p\u0159\u00edzniv\u00e9 ceny. Pod\u00edvejte se na na\u0161i \u0161irokou nab\u00eddku, kterou pro v\u00e1s m\u00e1me p\u0159ipravenou, a uvid\u00edte, \u017ee z ceny a kvality budete opravdu p\u0159ekvapeni. V\u011b\u0159te n\u00e1m, \u017ee n\u00e1\u0161 n\u00e1bytek si m\u016f\u017ee dop\u0159\u00e1t opravdu ka\u017ed\u00fd. Tak zakupte n\u00e1bytek, kter\u00fd v\u00e1m nejenom domov zkr\u00e1\u0161l\u00ed, ale tak\u00e9 v\u00e1m poskytne \u00falo\u017en\u00e9 prostory, kter\u00e9 tolik pot\u0159ebujete.                                                                                                                                                                                                                                                                                                                                                                                                  "},{"@context":"https:\/\/schema.org\/","@type":"BreadcrumbList","itemListElement":[{"@type":"ListItem","position":1,"name":"D\u00edky na\u0161emu n\u00e1bytku budete m\u00edt v\u017edy uklizeno","item":"https:\/\/www.sorem.cz\/diky-nasemu-nabytku-budete-mit-vzdy-uklizeno\/#breadcrumbitem"}]}]