[{"@context":"https:\/\/schema.org\/","@type":"Article","@id":"https:\/\/www.sorem.cz\/laska-ze-stredni\/#Article","mainEntityOfPage":"https:\/\/www.sorem.cz\/laska-ze-stredni\/","headline":"L\u00e1ska ze st\u0159edn\u00ed","name":"L\u00e1ska ze st\u0159edn\u00ed","description":"Pamatujte si na svoji prvn\u00ed velkou l\u00e1sku? J\u00e1 ano. Pamatuji si, \u017ee jsme se st\u0159edn\u00ed \u0161kolou jeli na jeden ly\u017ea\u0159sk\u00fd v\u00fdcvik. Byl to m\u016fj druh\u00fd","datePublished":"2022-04-27","dateModified":"2023-05-05","author":{"@type":"Person","@id":"https:\/\/www.sorem.cz\/author\/#Person","name":"","url":"https:\/\/www.sorem.cz\/author\/","identifier":1,"image":{"@type":"ImageObject","@id":"https:\/\/secure.gravatar.com\/avatar\/65248d4269af31fa3fa693ee3fd479d0960b985d370ed586e59378332be7a3ce?s=96&d=mm&r=g","url":"https:\/\/secure.gravatar.com\/avatar\/65248d4269af31fa3fa693ee3fd479d0960b985d370ed586e59378332be7a3ce?s=96&d=mm&r=g","height":96,"width":96}},"publisher":{"@type":"Organization","name":"sorem.cz","logo":{"@type":"ImageObject","@id":"\/logo.png","url":"\/logo.png","width":600,"height":60}},"image":{"@type":"ImageObject","@id":"https:\/\/www.sorem.cz\/wp-content\/uploads\/heart-3147976_640_1.jpg","url":"https:\/\/www.sorem.cz\/wp-content\/uploads\/heart-3147976_640_1.jpg","height":0,"width":0},"url":"https:\/\/www.sorem.cz\/laska-ze-stredni\/","about":["Mu\u017ei"],"wordCount":458,"articleBody":"Pamatujte si na svoji prvn\u00ed velkou l\u00e1sku? J\u00e1 ano. Pamatuji si, \u017ee jsme se st\u0159edn\u00ed \u0161kolou jeli na jeden ly\u017ea\u0159sk\u00fd v\u00fdcvik. Byl to m\u016fj druh\u00fd ly\u017ea\u0159sk\u00fd v\u00fdcvik. Ten prvn\u00ed v\u00fdcvik jsem za\u017eila na z\u00e1kladn\u00ed \u0161kole. A byla jsem velmi r\u00e1da, \u017ee jsme i tady m\u011bli ly\u017ea\u0159sk\u00fd v\u00fdcvik na st\u0159edn\u00ed \u0161kole. A pr\u00e1v\u011b jak u\u017e to b\u00fdv\u00e1, tak na st\u0159edn\u00edch \u0161kol\u00e1ch vznikaj\u00ed nov\u00e9 l\u00e1sky. A j\u00e1 jsem nebyla v\u00fdjimkou. Opravdu m\u011b tam zaujal jeden kluk. On toti\u017e k n\u00e1m nov\u011b p\u0159istoupil a mus\u00edm \u0159\u00edct, \u017ee do toho kluka se zamilovaly asi snad v\u0161echny holky ze \u0161koly. Byla jsem z toho docela zklaman\u00e1. A taky jsem hodn\u011b \u017e\u00e1rlila. V\u017edycky jsem byla takov\u00e1, \u017ee o co m\u00e1m z\u00e1jem, tak na to u\u017e jsem pak v\u017edycky \u017e\u00e1rlila a hodn\u011b mi vadilo, \u017ee m\u00e9ho kluka chce je\u0161t\u011b i dal\u0161\u00ed \u017eena. Tedy abych byla p\u0159esn\u00e1. Ten kluk nebyl sice m\u016fj, ani o tom nev\u011bd\u011bl. On v\u016fbec nev\u011bd\u011bl o tom, \u017ee asi existuji. Nicm\u00e9n\u011b ale po\u0159\u00e1d jsem se sna\u017eila, aby si m\u011b v\u0161iml. Ach, ti mu\u017ei. Mlad\u00ed mu\u017ei jsou n\u011bkdy takov\u00ed, \u017ee v\u016fbec nevn\u00edmaj\u00ed okol\u00ed. A nejhor\u0161\u00ed na tom bylo, \u017ee ten kluk st\u00e1le m\u011bl na u\u0161\u00edch sluch\u00e1tka s hudbou.A tu hudbu v u\u0161\u00edch m\u011bl tak nahlas, \u017ee sotva mohl vn\u00edmat okol\u00ed. Tak\u017ee on v\u016fbec nesly\u0161el ani moje pozdravy. Jednou jsem to musela ud\u011blat tak, \u017ee jsem do toho kluka omylem jako by vrazila. Ten kluk se na m\u011b jenom usm\u00e1l a \u0161el pry\u010d, tak\u017ee jsem si \u0159ekla, \u017ee po p\u016fl roce to vzd\u00e1m. Takov\u00fdto z\u00e1jem o m\u016f\u017ee jsem\u00a0tedy\u00a0je\u0161t\u011b nikdy nevid\u011bla. Ten kluk ani nev\u011bd\u011bl, \u017ee existuje n\u011bjak\u00e1 d\u00edvka, kter\u00e1 ho m\u00e1 r\u00e1da. Pozd\u011bji jsem se dozv\u011bd\u011bla, \u017ee on nen\u00ed na holky, ale je na kluky. v\u0161echny holky byly z toho \u00fapln\u011b v \u0161oku. J\u00e1 ale nejv\u00edc, proto\u017ee jsem se do toho kluka zamilovala. A takhle skon\u010dila moje prvn\u00ed velk\u00e1 l\u00e1ska. A jak\u00e9 m\u00e1te\u00a0z\u00e1\u017eitky\u00a0ze sv\u00e9 prvn\u00ed velk\u00e9 l\u00e1sky vy? zamilovaly jste se do\u00a0mlad\u00e9ho\u00a0mu\u017ee nebo m\u00e1te rad\u011bji star\u0161\u00ed mu\u017ee? V\u00edte, dne\u0161n\u00ed doba je hodn\u011b\u00a0liber\u00e1ln\u00ed. J\u00e1 zn\u00e1m i p\u0159\u00edpad, kdy dvacetilet\u00e1 d\u00edvka\u00a0randila\u00a0se \u010dty\u0159ic\u00e1tn\u00edkem a dob\u0159e jim to\u00a0klapalo. Z\u00e1le\u017e\u00ed v\u017edy na sympati\u00edch.                                                                                                                                                                                                                                                                                                                                                                                                "},{"@context":"https:\/\/schema.org\/","@type":"BreadcrumbList","itemListElement":[{"@type":"ListItem","position":1,"name":"L\u00e1ska ze st\u0159edn\u00ed","item":"https:\/\/www.sorem.cz\/laska-ze-stredni\/#breadcrumbitem"}]}]