[{"@context":"https:\/\/schema.org\/","@type":"Article","@id":"https:\/\/www.sorem.cz\/to-byly-casy\/#Article","mainEntityOfPage":"https:\/\/www.sorem.cz\/to-byly-casy\/","headline":"To byly \u010dasy!","name":"To byly \u010dasy!","description":"Dovolen\u00e1, ta mnou nejmilovan\u011bj\u0161\u00ed \u010d\u00e1st roku, je definitivn\u011b za mnou. Ned\u00e1 se nic d\u011blat, bohu\u017eel. V\u0161echno kr\u00e1sn\u00e9 jednou kon\u010d\u00ed a mn\u011b nezb\u00fdv\u00e1 nic jin\u00e9ho ne\u017e","datePublished":"2023-09-30","dateModified":"2023-09-30","author":{"@type":"Person","@id":"https:\/\/www.sorem.cz\/author\/#Person","name":"","url":"https:\/\/www.sorem.cz\/author\/","identifier":1,"image":{"@type":"ImageObject","@id":"https:\/\/secure.gravatar.com\/avatar\/65248d4269af31fa3fa693ee3fd479d0960b985d370ed586e59378332be7a3ce?s=96&d=mm&r=g","url":"https:\/\/secure.gravatar.com\/avatar\/65248d4269af31fa3fa693ee3fd479d0960b985d370ed586e59378332be7a3ce?s=96&d=mm&r=g","height":96,"width":96}},"publisher":{"@type":"Organization","name":"sorem.cz","logo":{"@type":"ImageObject","@id":"\/logo.png","url":"\/logo.png","width":600,"height":60}},"image":{"@type":"ImageObject","@id":"https:\/\/www.sorem.cz\/wp-content\/uploads\/dd_10_10_9.jpg","url":"https:\/\/www.sorem.cz\/wp-content\/uploads\/dd_10_10_9.jpg","height":0,"width":0},"url":"https:\/\/www.sorem.cz\/to-byly-casy\/","about":["Dovolen\u00e1"],"wordCount":433,"articleBody":"Dovolen\u00e1, ta mnou nejmilovan\u011bj\u0161\u00ed \u010d\u00e1st roku, je definitivn\u011b za mnou. Ned\u00e1 se nic d\u011blat, bohu\u017eel. V\u0161echno kr\u00e1sn\u00e9 jednou kon\u010d\u00ed a mn\u011b nezb\u00fdv\u00e1 nic jin\u00e9ho ne\u017e \u010dekat na tu dal\u0161\u00ed. A mezit\u00edm pracovat, aby na tu dal\u0161\u00ed dovolenou byly zase pen\u00edze. Proto\u017ee kdy\u017e u\u017e m\u00e1m takov\u00e9 volno, chci si ho n\u00e1le\u017eit\u011b u\u017e\u00edvat. A to v\u00a0m\u00e9m p\u0159\u00edpad\u011b bez pen\u011bz nejde. Proto\u017ee nem\u00e1m, co se dovolen\u00e9 t\u00fdk\u00e1, pr\u00e1v\u011b mal\u00e1 o\u010dek\u00e1v\u00e1n\u00ed. Neprahnu samoz\u0159ejm\u011b po luxusu za ka\u017edou cenu, na kter\u00fd bych nem\u011bl, ale p\u0159ece jenom obvykle mus\u00edm pustit hodn\u011b velk\u00fd chlup.O\u00a0pr\u00e1v\u011b uplynul\u00e9 dovolen\u00e9 jsem byl pochopiteln\u011b hlavn\u011b v\u00a0Ji\u017en\u00ed Africe. Ne proto, \u017ee by m\u011b to net\u00e1hlo i n\u011bkam jinam, ale JAR je pro m\u011b c\u00edlem \u010d\u00edslo jedna. Na tu ned\u00e1m dopustit a byl jsem tam u\u017e tolikr\u00e1t, \u017ee jsem tam skoro jako doma. A to znamenalo pochopiteln\u011b sehnat si nejd\u0159\u00edv co nejlevn\u011bj\u0161\u00ed je\u0161t\u011b vyhovuj\u00edc\u00ed letenky. A kv\u016fli t\u00e9to \u00faspornosti jsem se\u00a0tam na jih nakonec dostal p\u0159es Katar, zemi, o kter\u00e9 bych nikdy netu\u0161il, \u017ee ji n\u011bkdy nav\u0161t\u00edv\u00edm. Ale stalo se. Kdy\u017e jsou jin\u00e9 leteck\u00e9 spole\u010dnosti drah\u00e9 nebo nemaj\u00ed slu\u0161n\u00e1 spojen\u00ed, je i ekonomick\u00e1 t\u0159\u00edda v\u00a0Qatar Airways dobr\u00e1 dost.Ale nejen Afrikou \u017eiv jest \u010dlov\u011bk. A tak jsem si tak\u00e9 dal docela do t\u011bla, kdy\u017e jsem po n\u00e1vratu z\u00a0ji\u017en\u00edch kraj\u016f musel pro zm\u011bnu otro\u010dit na chat\u011b a kolem n\u00ed. Tedy nemusel jsem tam otro\u010dit, ale kdy\u017e u\u017e je to tam jednou moje a chci, aby to tam vypadalo aspo\u0148 trochu k\u00a0sv\u011btu\u2026 A tak byla moje dovolen\u00e1 i ve znamen\u00ed sek\u00e1n\u00ed tr\u00e1vy, zedni\u010diny, plet\u00ed z\u00e1hon\u016f atd. P\u0159i \u010dem jsem dostal zabrat v\u00edc ne\u017e v\u00a0pr\u00e1ci. Do kter\u00e9 jsem se po t\u00e9 dovolen\u00e9 pochopiteln\u011b musel vr\u00e1tit.A te\u010f u\u017e mohu jenom vzpom\u00ednat a t\u011b\u0161it se na p\u0159\u00ed\u0161t\u00ed l\u00e9to. D\u00e1-li b\u016fh a zam\u011bstnavatel, zase si to zopakuji. Proto\u017ee kdo v\u00ed, jak dlouho to budu je\u0161t\u011b zvl\u00e1dat. Inu nejsem nejmlad\u0161\u00ed, l\u00e9ta mi nestoj\u00ed a kdo v\u00ed, jak dlouho je\u0161t\u011b vydr\u017e\u00edm sed\u011bt tak dlouho, abych zvl\u00e1dl cestu do Ji\u017en\u00ed Afriky a zp\u011bt. A pak pr\u00e1ci na zahrad\u011b, aby mi m\u011bli slim\u00e1ci a pt\u00e1ci co \u017er\u00e1t.                                                                                                                                                                                                                                                                                                                                                                                                "},{"@context":"https:\/\/schema.org\/","@type":"BreadcrumbList","itemListElement":[{"@type":"ListItem","position":1,"name":"To byly \u010dasy!","item":"https:\/\/www.sorem.cz\/to-byly-casy\/#breadcrumbitem"}]}]